[{"@context":"https:\/\/schema.org\/","@type":"Blog","@id":"https:\/\/offreud.cz#Blog","headline":"Offreud","description":"","url":"https:\/\/offreud.cz","hasPart":[{"@type":"Article","@id":"https:\/\/offreud.cz\/kuchyne-na-miru\/","headline":"Kuchyn\u011b na m\u00edru!","url":"https:\/\/offreud.cz\/kuchyne-na-miru\/","datePublished":"2025-03-04","dateModified":"2025-03-04","mainEntityOfPage":"https:\/\/offreud.cz\/kuchyne-na-miru\/","author":{"@type":"Person","@id":"https:\/\/offreud.cz\/author\/#Person","name":"","url":"https:\/\/offreud.cz\/author\/","identifier":1,"image":{"@type":"ImageObject","@id":"https:\/\/secure.gravatar.com\/avatar\/2d2e3fdaba6370eba756fb4048c695326686ff29010a0df4d58b27c20544521d?s=96&d=mm&r=g","url":"https:\/\/secure.gravatar.com\/avatar\/2d2e3fdaba6370eba756fb4048c695326686ff29010a0df4d58b27c20544521d?s=96&d=mm&r=g","height":96,"width":96}},"publisher":{"@type":"Organization","name":"offreud.cz","logo":{"@type":"ImageObject","@id":"\/logo.png","url":"\/logo.png","width":600,"height":60}},"image":{"@type":"ImageObject","@id":"https:\/\/offreud.cz\/wp-content\/uploads\/img_a289801_w2200_t1501279085.jpg","url":"https:\/\/offreud.cz\/wp-content\/uploads\/img_a289801_w2200_t1501279085.jpg","height":0,"width":0},"wordCount":531,"keywords":null},{"@type":"Article","@id":"https:\/\/offreud.cz\/skolstvi-chce-zmenu\/","headline":"\u0160kolstv\u00ed chce zm\u011bnu","url":"https:\/\/offreud.cz\/skolstvi-chce-zmenu\/","datePublished":"2025-03-04","dateModified":"2025-03-04","mainEntityOfPage":"https:\/\/offreud.cz\/skolstvi-chce-zmenu\/","author":{"@type":"Person","@id":"https:\/\/offreud.cz\/author\/#Person","name":"","url":"https:\/\/offreud.cz\/author\/","identifier":1,"image":{"@type":"ImageObject","@id":"https:\/\/secure.gravatar.com\/avatar\/2d2e3fdaba6370eba756fb4048c695326686ff29010a0df4d58b27c20544521d?s=96&d=mm&r=g","url":"https:\/\/secure.gravatar.com\/avatar\/2d2e3fdaba6370eba756fb4048c695326686ff29010a0df4d58b27c20544521d?s=96&d=mm&r=g","height":96,"width":96}},"publisher":{"@type":"Organization","name":"offreud.cz","logo":{"@type":"ImageObject","@id":"\/logo.png","url":"\/logo.png","width":600,"height":60}},"image":{"@type":"ImageObject","@id":"https:\/\/offreud.cz\/wp-content\/uploads\/img_a295401_w2004_t1506786179.jpg","url":"https:\/\/offreud.cz\/wp-content\/uploads\/img_a295401_w2004_t1506786179.jpg","height":0,"width":0},"wordCount":711,"keywords":null},{"@type":"Article","@id":"https:\/\/offreud.cz\/machovo-jezero-chatky\/","headline":"M\u00e1chovo jezero chatky","url":"https:\/\/offreud.cz\/machovo-jezero-chatky\/","datePublished":"2025-03-04","dateModified":"2025-03-04","mainEntityOfPage":"https:\/\/offreud.cz\/machovo-jezero-chatky\/","author":{"@type":"Person","@id":"https:\/\/offreud.cz\/author\/#Person","name":"","url":"https:\/\/offreud.cz\/author\/","identifier":1,"image":{"@type":"ImageObject","@id":"https:\/\/secure.gravatar.com\/avatar\/2d2e3fdaba6370eba756fb4048c695326686ff29010a0df4d58b27c20544521d?s=96&d=mm&r=g","url":"https:\/\/secure.gravatar.com\/avatar\/2d2e3fdaba6370eba756fb4048c695326686ff29010a0df4d58b27c20544521d?s=96&d=mm&r=g","height":96,"width":96}},"publisher":{"@type":"Organization","name":"offreud.cz","logo":{"@type":"ImageObject","@id":"\/logo.png","url":"\/logo.png","width":600,"height":60}},"image":null,"wordCount":266,"keywords":null},{"@type":"Article","@id":"https:\/\/offreud.cz\/zapomente-na-starosti-vsednich-dni\/","headline":"Zapome\u0148te na starosti v\u0161edn\u00edch dn\u00ed","url":"https:\/\/offreud.cz\/zapomente-na-starosti-vsednich-dni\/","datePublished":"2025-03-03","dateModified":"2025-03-03","mainEntityOfPage":"https:\/\/offreud.cz\/zapomente-na-starosti-vsednich-dni\/","author":{"@type":"Person","@id":"https:\/\/offreud.cz\/author\/#Person","name":"","url":"https:\/\/offreud.cz\/author\/","identifier":1,"image":{"@type":"ImageObject","@id":"https:\/\/secure.gravatar.com\/avatar\/2d2e3fdaba6370eba756fb4048c695326686ff29010a0df4d58b27c20544521d?s=96&d=mm&r=g","url":"https:\/\/secure.gravatar.com\/avatar\/2d2e3fdaba6370eba756fb4048c695326686ff29010a0df4d58b27c20544521d?s=96&d=mm&r=g","height":96,"width":96}},"publisher":{"@type":"Organization","name":"offreud.cz","logo":{"@type":"ImageObject","@id":"\/logo.png","url":"\/logo.png","width":600,"height":60}},"image":null,"wordCount":240,"keywords":null},{"@type":"Article","@id":"https:\/\/offreud.cz\/privatni-sauna\/","headline":"Priv\u00e1tn\u00ed sauna","url":"https:\/\/offreud.cz\/privatni-sauna\/","datePublished":"2025-03-03","dateModified":"2025-03-03","mainEntityOfPage":"https:\/\/offreud.cz\/privatni-sauna\/","author":{"@type":"Person","@id":"https:\/\/offreud.cz\/author\/#Person","name":"","url":"https:\/\/offreud.cz\/author\/","identifier":1,"image":{"@type":"ImageObject","@id":"https:\/\/secure.gravatar.com\/avatar\/2d2e3fdaba6370eba756fb4048c695326686ff29010a0df4d58b27c20544521d?s=96&d=mm&r=g","url":"https:\/\/secure.gravatar.com\/avatar\/2d2e3fdaba6370eba756fb4048c695326686ff29010a0df4d58b27c20544521d?s=96&d=mm&r=g","height":96,"width":96}},"publisher":{"@type":"Organization","name":"offreud.cz","logo":{"@type":"ImageObject","@id":"\/logo.png","url":"\/logo.png","width":600,"height":60}},"image":null,"wordCount":197,"keywords":null},{"@type":"Article","@id":"https:\/\/offreud.cz\/kdy-do-duchodu\/","headline":"Kdy do d\u016fchodu","url":"https:\/\/offreud.cz\/kdy-do-duchodu\/","datePublished":"2025-03-03","dateModified":"2025-03-03","mainEntityOfPage":"https:\/\/offreud.cz\/kdy-do-duchodu\/","author":{"@type":"Person","@id":"https:\/\/offreud.cz\/author\/#Person","name":"","url":"https:\/\/offreud.cz\/author\/","identifier":1,"image":{"@type":"ImageObject","@id":"https:\/\/secure.gravatar.com\/avatar\/2d2e3fdaba6370eba756fb4048c695326686ff29010a0df4d58b27c20544521d?s=96&d=mm&r=g","url":"https:\/\/secure.gravatar.com\/avatar\/2d2e3fdaba6370eba756fb4048c695326686ff29010a0df4d58b27c20544521d?s=96&d=mm&r=g","height":96,"width":96}},"publisher":{"@type":"Organization","name":"offreud.cz","logo":{"@type":"ImageObject","@id":"\/logo.png","url":"\/logo.png","width":600,"height":60}},"image":null,"wordCount":261,"keywords":null},{"@type":"Article","@id":"https:\/\/offreud.cz\/co-si-vzit-s-sebou-na-festival\/","headline":"Co si vz\u00edt s sebou na festival","url":"https:\/\/offreud.cz\/co-si-vzit-s-sebou-na-festival\/","datePublished":"2025-03-02","dateModified":"2025-03-02","mainEntityOfPage":"https:\/\/offreud.cz\/co-si-vzit-s-sebou-na-festival\/","author":{"@type":"Person","@id":"https:\/\/offreud.cz\/author\/#Person","name":"","url":"https:\/\/offreud.cz\/author\/","identifier":1,"image":{"@type":"ImageObject","@id":"https:\/\/secure.gravatar.com\/avatar\/2d2e3fdaba6370eba756fb4048c695326686ff29010a0df4d58b27c20544521d?s=96&d=mm&r=g","url":"https:\/\/secure.gravatar.com\/avatar\/2d2e3fdaba6370eba756fb4048c695326686ff29010a0df4d58b27c20544521d?s=96&d=mm&r=g","height":96,"width":96}},"publisher":{"@type":"Organization","name":"offreud.cz","logo":{"@type":"ImageObject","@id":"\/logo.png","url":"\/logo.png","width":600,"height":60}},"image":{"@type":"ImageObject","@id":"https:\/\/offreud.cz\/wp-content\/uploads\/img_a318364_w1970_t1529261616.jpg","url":"https:\/\/offreud.cz\/wp-content\/uploads\/img_a318364_w1970_t1529261616.jpg","height":0,"width":0},"wordCount":515,"keywords":null},{"@type":"Article","@id":"https:\/\/offreud.cz\/proc-straka-krade\/","headline":"Pro\u010d straka krade","url":"https:\/\/offreud.cz\/proc-straka-krade\/","datePublished":"2025-03-02","dateModified":"2025-03-02","mainEntityOfPage":"https:\/\/offreud.cz\/proc-straka-krade\/","author":{"@type":"Person","@id":"https:\/\/offreud.cz\/author\/#Person","name":"","url":"https:\/\/offreud.cz\/author\/","identifier":1,"image":{"@type":"ImageObject","@id":"https:\/\/secure.gravatar.com\/avatar\/2d2e3fdaba6370eba756fb4048c695326686ff29010a0df4d58b27c20544521d?s=96&d=mm&r=g","url":"https:\/\/secure.gravatar.com\/avatar\/2d2e3fdaba6370eba756fb4048c695326686ff29010a0df4d58b27c20544521d?s=96&d=mm&r=g","height":96,"width":96}},"publisher":{"@type":"Organization","name":"offreud.cz","logo":{"@type":"ImageObject","@id":"\/logo.png","url":"\/logo.png","width":600,"height":60}},"image":{"@type":"ImageObject","@id":"https:\/\/offreud.cz\/wp-content\/uploads\/img_a287578_w2031_t1498148094.jpg","url":"https:\/\/offreud.cz\/wp-content\/uploads\/img_a287578_w2031_t1498148094.jpg","height":0,"width":0},"wordCount":552,"keywords":null},{"@type":"Article","@id":"https:\/\/offreud.cz\/umite-penize-usetrit-nebo-vse-utratite\/","headline":"Um\u00edte pen\u00edze u\u0161et\u0159it nebo v\u0161e utrat\u00edte?","url":"https:\/\/offreud.cz\/umite-penize-usetrit-nebo-vse-utratite\/","datePublished":"2025-03-02","dateModified":"2025-03-02","mainEntityOfPage":"https:\/\/offreud.cz\/umite-penize-usetrit-nebo-vse-utratite\/","author":{"@type":"Person","@id":"https:\/\/offreud.cz\/author\/#Person","name":"","url":"https:\/\/offreud.cz\/author\/","identifier":1,"image":{"@type":"ImageObject","@id":"https:\/\/secure.gravatar.com\/avatar\/2d2e3fdaba6370eba756fb4048c695326686ff29010a0df4d58b27c20544521d?s=96&d=mm&r=g","url":"https:\/\/secure.gravatar.com\/avatar\/2d2e3fdaba6370eba756fb4048c695326686ff29010a0df4d58b27c20544521d?s=96&d=mm&r=g","height":96,"width":96}},"publisher":{"@type":"Organization","name":"offreud.cz","logo":{"@type":"ImageObject","@id":"\/logo.png","url":"\/logo.png","width":600,"height":60}},"image":{"@type":"ImageObject","@id":"https:\/\/offreud.cz\/wp-content\/uploads\/img_a330791_w2725_t1543270819.jpg","url":"https:\/\/offreud.cz\/wp-content\/uploads\/img_a330791_w2725_t1543270819.jpg","height":0,"width":0},"wordCount":661,"keywords":null},{"@type":"Article","@id":"https:\/\/offreud.cz\/na-vzdelavani-nejste-stari-nikdy\/","headline":"Na vzd\u011bl\u00e1v\u00e1n\u00ed nejste sta\u0159\u00ed nikdy","url":"https:\/\/offreud.cz\/na-vzdelavani-nejste-stari-nikdy\/","datePublished":"2025-03-02","dateModified":"2025-03-02","mainEntityOfPage":"https:\/\/offreud.cz\/na-vzdelavani-nejste-stari-nikdy\/","author":{"@type":"Person","@id":"https:\/\/offreud.cz\/author\/#Person","name":"","url":"https:\/\/offreud.cz\/author\/","identifier":1,"image":{"@type":"ImageObject","@id":"https:\/\/secure.gravatar.com\/avatar\/2d2e3fdaba6370eba756fb4048c695326686ff29010a0df4d58b27c20544521d?s=96&d=mm&r=g","url":"https:\/\/secure.gravatar.com\/avatar\/2d2e3fdaba6370eba756fb4048c695326686ff29010a0df4d58b27c20544521d?s=96&d=mm&r=g","height":96,"width":96}},"publisher":{"@type":"Organization","name":"offreud.cz","logo":{"@type":"ImageObject","@id":"\/logo.png","url":"\/logo.png","width":600,"height":60}},"image":{"@type":"ImageObject","@id":"https:\/\/offreud.cz\/wp-content\/uploads\/img_a340987_w2768_t1553766180.jpg","url":"https:\/\/offreud.cz\/wp-content\/uploads\/img_a340987_w2768_t1553766180.jpg","height":0,"width":0},"wordCount":4490,"keywords":null}]},{"@context":"https:\/\/schema.org","@type":"WebSite","@id":"https:\/\/offreud.cz\/#website","name":"Offreud","url":"https:\/\/offreud.cz","potentialAction":{"@type":"SearchAction","target":"https:\/\/offreud.cz\/?s={search_term_string}","query-input":"required name=search_term_string"}}]